{"id":11142,"date":"2024-11-20T08:22:35","date_gmt":"2024-11-20T07:22:35","guid":{"rendered":"https:\/\/www.bannister.be\/?p=11142"},"modified":"2024-11-20T08:22:40","modified_gmt":"2024-11-20T07:22:40","slug":"onwerkzame-voorlopige-hechtenis","status":"publish","type":"post","link":"https:\/\/ondernemingsstrafrecht.be\/fr\/onwerkzame-voorlopige-hechtenis","title":{"rendered":"D\u00e9tention provisoire inefficace"},"content":{"rendered":"<p><img loading=\"lazy\" decoding=\"async\" width=\"1024\" height=\"683\" src=\"http:\/\/ondernemingsstrafrecht.be\/wp-content\/uploads\/Bannister_Website_1620x1080_hechtenis-1.jpg\" alt=\"\" srcset=\"http:\/\/ondernemingsstrafrecht.be\/wp-content\/uploads\/Bannister_Website_1620x1080_hechtenis-1.jpg 1024w, http:\/\/ondernemingsstrafrecht.be\/wp-content\/uploads\/Bannister_Website_1620x1080_hechtenis-1.jpg 300w, http:\/\/ondernemingsstrafrecht.be\/wp-content\/uploads\/Bannister_Website_1620x1080_hechtenis-1-768x512.jpg 768w, http:\/\/ondernemingsstrafrecht.be\/wp-content\/uploads\/Bannister_Website_1620x1080_hechtenis-1-1536x1024.jpg 1536w, http:\/\/ondernemingsstrafrecht.be\/wp-content\/uploads\/Bannister_Website_1620x1080_hechtenis-1.jpg 1620w\" sizes=\"auto, (max-width: 1024px) 100vw, 1024px\" \/>\t\t\t\t\t\t\t\t\t\t\t\t\t<\/p>\n<h2>D\u00e9tention provisoire inefficace<\/h2>\n<p style=\"font-weight: 400;\"><em>Est-il possible d'obtenir une indemnisation lorsque l'on a d\u00fb passer inutilement une p\u00e9riode de d\u00e9tention provisoire ? Cet article examine de plus pr\u00e8s le principe de la d\u00e9tention provisoire inefficace, ou inapplicable, et les conditions \u00e0 remplir pour b\u00e9n\u00e9ficier d'une indemnisation. <\/em><\/p>\n<p style=\"font-weight: 400;\">Une allocation financi\u00e8re est pr\u00e9vue dans le syst\u00e8me juridique belge pour certaines personnes qui ont \u00e9t\u00e9 injustement oblig\u00e9es de rester en d\u00e9tention provisoire.<\/p>\n<p style=\"font-weight: 400;\">Toutefois, pour pr\u00e9tendre \u00e0 une telle indemnisation, il faut remplir un certain nombre de conditions pr\u00e9vues par la loi du 13 mars 1973 relative \u00e0 l'indemnisation de la d\u00e9tention pr\u00e9ventive inefficace.<\/p>\n<p style=\"font-weight: 400;\">Tout d'abord, il faut avoir pass\u00e9 plus de huit jours en d\u00e9tention provisoire et la d\u00e9tention provisoire ne doit pas \u00eatre due au comportement personnel de l'int\u00e9ress\u00e9.<\/p>\n<p style=\"font-weight: 400;\">Lors de l'\u00e9valuation du comportement personnel de la personne en question, une combinaison de comportements doit \u00eatre prise en compte, comme, par exemple, des interrogatoires initiaux difficiles, des ant\u00e9c\u00e9dents criminels ou la non-coop\u00e9ration lors de perquisitions ou de lectures de m\u00e9dias num\u00e9riques.<\/p>\n<p style=\"font-weight: 400;\">Il est important de noter ici que ce \"comportement personnel\" ne doit pas \u00eatre confondu avec des indices de culpabilit\u00e9. Ainsi, le simple fait qu'une personne ait sembl\u00e9 prima facie impliqu\u00e9e dans un crime ne peut pas conduire \u00e0 la disqualification.<\/p>\n<p style=\"font-weight: 400;\">Il faut alors d\u00e9montrer que la d\u00e9tention provisoire s'est av\u00e9r\u00e9e inutile.<\/p>\n<p style=\"font-weight: 400;\">Cela peut se faire lorsque la personne en question a \u00e9t\u00e9 directement ou indirectement mise hors de cause, lorsqu'elle apporte la preuve de son innocence, lorsqu'il appara\u00eet que la proc\u00e9dure p\u00e9nale \u00e9tait d\u00e9j\u00e0 prescrite avant son placement en d\u00e9tention provisoire, ou lorsqu'elle a obtenu une ordonnance ou un jugement de non-poursuite qui \u00e9tablit express\u00e9ment que l'infraction \u00e0 l'origine de son placement en d\u00e9tention provisoire n'est pas un crime.<\/p>\n<p style=\"font-weight: 400;\">Pour demander l'indemnisation, il faut envoyer une p\u00e9tition au ministre de la justice. Ce dernier doit alors statuer sur le bien-fond\u00e9 de la demande dans un d\u00e9lai de six mois.<\/p>\n<p style=\"font-weight: 400;\">Si le ministre rejette la demande ou ne se prononce pas dans les six mois, un recours peut \u00eatre introduit aupr\u00e8s du greffe de la Cour de cassation. Le recours est alors examin\u00e9 par la Commission de la d\u00e9tention provisoire, compos\u00e9e en principe du premier pr\u00e9sident de la Cour de cassation, du premier pr\u00e9sident du Conseil d'\u00c9tat et du doyen de l'Ordre national des avocats.<\/p>\n<p style=\"font-weight: 400;\">Les dommages mat\u00e9riels et moraux peuvent faire l'objet d'une indemnisation. Cette indemnisation est d\u00e9termin\u00e9e en fonction de l'\u00e9quit\u00e9, en tenant compte de toutes les circonstances d'int\u00e9r\u00eat public et priv\u00e9. Cela implique donc que tous les dommages subis ne seront pas n\u00e9cessairement indemnis\u00e9s.<\/p>\n<p style=\"font-weight: 400;\"><strong>Avez-vous \u00e9t\u00e9 plac\u00e9 \u00e0 tort en d\u00e9tention provisoire dans le cadre d'une enqu\u00eate criminelle ? <\/strong><strong>Si c'est le cas, veuillez nous contacter \u00e0 l'adresse info@bannister.be ou par t\u00e9l\u00e9phone au 03\/369.28.00. Nos avocats sp\u00e9cialis\u00e9s savent exactement ce qu'il faut faire pour obtenir une indemnisation et se feront un plaisir de vous aider. <\/strong><\/p>","protected":false},"excerpt":{"rendered":"<p>Onwerkzame voorlopige hechtenis Is het mogelijk om een vergoeding te krijgen wanneer men onnodig een periode in voorlopige hechtenis heeft moeten doorbrengen? In dit artikel wordt dieper ingegaan op het principe van de onwerkzame, of onwerkdadige voorlopige hechtenis, en welke voorwaarden er gelden om voor een vergoeding in aanmerking te komen. Een financi\u00eble tegemoetkoming is [&hellip;]<\/p>","protected":false},"author":1,"featured_media":12076,"comment_status":"open","ping_status":"open","sticky":false,"template":"","format":"standard","meta":{"_acf_changed":false,"footnotes":""},"categories":[1],"tags":[],"class_list":["post-11142","post","type-post","status-publish","format-standard","has-post-thumbnail","hentry","category-uncategorized"],"acf":[],"_links":{"self":[{"href":"https:\/\/ondernemingsstrafrecht.be\/fr\/wp-json\/wp\/v2\/posts\/11142","targetHints":{"allow":["GET"]}}],"collection":[{"href":"https:\/\/ondernemingsstrafrecht.be\/fr\/wp-json\/wp\/v2\/posts"}],"about":[{"href":"https:\/\/ondernemingsstrafrecht.be\/fr\/wp-json\/wp\/v2\/types\/post"}],"author":[{"embeddable":true,"href":"https:\/\/ondernemingsstrafrecht.be\/fr\/wp-json\/wp\/v2\/users\/1"}],"replies":[{"embeddable":true,"href":"https:\/\/ondernemingsstrafrecht.be\/fr\/wp-json\/wp\/v2\/comments?post=11142"}],"version-history":[{"count":6,"href":"https:\/\/ondernemingsstrafrecht.be\/fr\/wp-json\/wp\/v2\/posts\/11142\/revisions"}],"predecessor-version":[{"id":13606,"href":"https:\/\/ondernemingsstrafrecht.be\/fr\/wp-json\/wp\/v2\/posts\/11142\/revisions\/13606"}],"wp:featuredmedia":[{"embeddable":true,"href":"https:\/\/ondernemingsstrafrecht.be\/fr\/wp-json\/wp\/v2\/media\/12076"}],"wp:attachment":[{"href":"https:\/\/ondernemingsstrafrecht.be\/fr\/wp-json\/wp\/v2\/media?parent=11142"}],"wp:term":[{"taxonomy":"category","embeddable":true,"href":"https:\/\/ondernemingsstrafrecht.be\/fr\/wp-json\/wp\/v2\/categories?post=11142"},{"taxonomy":"post_tag","embeddable":true,"href":"https:\/\/ondernemingsstrafrecht.be\/fr\/wp-json\/wp\/v2\/tags?post=11142"}],"curies":[{"name":"wp","href":"https:\/\/api.w.org\/{rel}","templated":true}]}}